{"id":1711,"date":"2020-09-13T15:30:00","date_gmt":"2020-09-13T13:30:00","guid":{"rendered":"https:\/\/innovatika.com\/?p=1711"},"modified":"2023-11-06T15:45:35","modified_gmt":"2023-11-06T14:45:35","slug":"te-polskie-firmy-przetrwaly-covid-19-lepiej-niz-inne","status":"publish","type":"post","link":"https:\/\/innovatika.sowiak.dev\/pl\/te-polskie-firmy-przetrwaly-covid-19-lepiej-niz-inne\/","title":{"rendered":"Te polskie firmy przetrwa\u0142y COVID-19 lepiej ni\u017c inne"},"content":{"rendered":"\n<figure class=\"wp-block-image size-full\"><img loading=\"lazy\" decoding=\"async\" width=\"724\" height=\"482\" src=\"https:\/\/innovatika.sowiak.dev\/wp-content\/uploads\/2023\/09\/Screenshot-2021-03-18-at-08.43.58.png\" alt=\"\" class=\"wp-image-1145\" srcset=\"https:\/\/innovatika.sowiak.dev\/wp-content\/uploads\/2023\/09\/Screenshot-2021-03-18-at-08.43.58.png 724w, https:\/\/innovatika.sowiak.dev\/wp-content\/uploads\/2023\/09\/Screenshot-2021-03-18-at-08.43.58-300x200.png 300w, https:\/\/innovatika.sowiak.dev\/wp-content\/uploads\/2023\/09\/Screenshot-2021-03-18-at-08.43.58-600x399.png 600w, https:\/\/innovatika.sowiak.dev\/wp-content\/uploads\/2023\/09\/Screenshot-2021-03-18-at-08.43.58-480x320.png 480w\" sizes=\"auto, (max-width: 724px) 100vw, 724px\" \/><\/figure>\n\n\n\n<p><strong>Dla wielu polskich firm pandemia COVID-19 okaza\u0142a si\u0119 najtrudniejszym wyzwaniem, z jakim kiedykolwiek musia\u0142y si\u0119 zmierzy\u0107, ale z drugiej strony niekt\u00f3rym uda\u0142o si\u0119 przetrwa\u0107 burz\u0119 lepiej ni\u017c innym. Liczne organizacje szybko zareagowa\u0142y na wyzwania stworzone przez now\u0105 rzeczywisto\u015b\u0107 i by\u0142y w stanie pom\u00f3c innym.<\/strong><\/p>\n\n\n\n<p>Z przyjemno\u015bci\u0105 przygl\u0105dali\u015bmy si\u0119 naszym klientom, kt\u00f3rzy przeszli przez kryzys zwi\u0105zany z koronawirusem, szybko zareagowali na ogromne wyzwania i zacz\u0119li dobrze prosperowa\u0107 w nowej rzeczywisto\u015bci.<\/p>\n\n\n\n<p>Postanowili\u015bmy przyjrze\u0107 si\u0119 polskiemu rynkowi i zebrali\u015bmy jeszcze wi\u0119cej przyk\u0142ad\u00f3w tego, jak polskie firmy dostosowa\u0142y si\u0119 do nowej sytuacji i zminimalizowa\u0142y jej negatywny wp\u0142yw, wykorzystuj\u0105c pojawiaj\u0105ce si\u0119 mo\u017cliwo\u015bci.<\/p>\n\n\n\n<h2 class=\"wp-block-heading\" id=\"pzu-insurance-group-ministry-of-health\">Grupa Ubezpieczeniowa PZU i Ministerstwo Zdrowia<\/h2>\n\n\n\n<p><strong>Produkty cyfrowe i telemedycyna<\/strong><\/p>\n\n\n\n<p><a href=\"https:\/\/media.pzu.pl\/informacje-prasowe\/szczegoly\/Opaska_zycia_PZU\" target=\"_blank\" rel=\"noreferrer noopener\">Opaska \u017cycia<\/a> to elektroniczne urz\u0105dzenie na r\u0119k\u0119, kt\u00f3re mierzy t\u0119tno, saturacj\u0119 (nasycenie krwi tlenem) i temperatur\u0119. Analizuje wyniki i natychmiast alarmuje (d\u017awi\u0119kiem i komunikatem na ekranie komputera) personel medyczny, gdy parametry \u017cyciowe spadn\u0105 do poziomu krytycznego.<\/p>\n\n\n\n<p><strong>Sektor:<\/strong> Opieka zdrowotna<br><strong>Od kiedy:<\/strong> Koncepcja wci\u0105\u017c w fazie rozwoju<br><strong>Cel:<\/strong> Pomoc w leczeniu pacjent\u00f3w z COVID-19.<br><strong>Dla kogo: <\/strong>Dla pacjent\u00f3w zaka\u017conych nowym koronawirusem.<br><strong>Podj\u0119te dzia\u0142ania: <\/strong>Grupa Ubezpieczeniowa PZU we wsp\u00f3\u0142pracy z Ministerstwem Zdrowia wy\u015ble ponad 1000 opasek \u017cycia do szpitali w ca\u0142ej Polsce.<\/p>\n\n\n\n<h2 class=\"wp-block-heading\" id=\"free-now\">Free Now<\/h2>\n\n\n\n<p><strong>Bezpiecze\u0144stwo klient\u00f3w<\/strong><\/p>\n\n\n\n<p>Us\u0142uga ekranu gwarantuje jazd\u0119 z kurtyn\u0105 ochronn\u0105 i&nbsp;<a href=\"https:\/\/free-now.com\/pl\/covid-19\/\" target=\"_blank\" rel=\"noreferrer noopener\">zgodn\u0105 z przepisami bezpiecze\u0144stwa.<\/a><\/p>\n\n\n\n<p><strong>Sektor: <\/strong>Transport<br><strong>Od kiedy:<\/strong> 19 maja 2020 r.<br><strong>Cel:<\/strong> Zwi\u0119kszenie bezpiecze\u0144stwa podczas jazdy.<br><strong>Dla kogo: <\/strong>Dla ka\u017cdego pracownika i klienta Free Now.<br><strong>Podj\u0119te dzia\u0142ania:<\/strong><\/p>\n\n\n\n<ul class=\"wp-block-list\">\n<li>W marcu 2020 r. platforma Free Now wyposa\u017cy\u0142a ponad 3000 kierowc\u00f3w (80% obecnie zatrudnionych) w przezroczyste kurtyny ograniczaj\u0105ce kontakt z pasa\u017cerem i chroni\u0105ce zar\u00f3wno kierowc\u0119, jak i jego pasa\u017cer\u00f3w.<\/li>\n\n\n\n<li>W aplikacji Free Now mo\u017cna wybra\u0107 opcj\u0119 &#8222;Lite + Screen&#8221;, dzi\u0119ki kt\u00f3rej mo\u017cna zam\u00f3wi\u0107 przejazd z przezroczyst\u0105 zas\u0142on\u0105 w poje\u017adzie.<\/li>\n\n\n\n<li>Free Now wprowadzi\u0142o dodatkowe zasady bezpiecze\u0144stwa dla pasa\u017cer\u00f3w i kierowc\u00f3w, m.in. dezynfekcj\u0119 i wietrzenie samochodu po ka\u017cdym przeje\u017adzie.<\/li>\n<\/ul>\n\n\n\n<h2 class=\"wp-block-heading\" id=\"qarson\">Qarson<\/h2>\n\n\n\n<p><strong>Bezpiecze\u0144stwo klient\u00f3w<\/strong><\/p>\n\n\n\n<p>Us\u0142uga <a href=\"https:\/\/www.qarson.pl\/aktualnosci\/funkcjonowanie-qarsona-wobec-koronawirusa\" target=\"_blank\" rel=\"noreferrer noopener\">ozonowania<\/a>&nbsp;i przepisy bezpiecze\u0144stwa dla ka\u017cdego wynaj\u0119tego samochodu.<\/p>\n\n\n\n<p><strong>Sektor: <\/strong>Przemys\u0142 motoryzacyjny<br><strong>Cel:<\/strong> Zwi\u0119kszenie bezpiecze\u0144stwa i obni\u017cenie ryzyka infekcji podczas korzystania z samochodu Qarson.<br><strong>Dla kogo: <\/strong>Dla klient\u00f3w Qarson, kt\u00f3rzy wykupi\u0105 abonament na samoch\u00f3d.<br><strong>Podj\u0119te dzia\u0142ania:<\/strong><\/p>\n\n\n\n<ul class=\"wp-block-list\">\n<li>Ka\u017cdy samoch\u00f3d jest ozonowany przed wypo\u017cyczeniem.<\/li>\n\n\n\n<li>Mo\u017cliwo\u015b\u0107 rezerwacji samochodu online, bez konieczno\u015bci wychodzenia na zewn\u0105trz.<\/li>\n\n\n\n<li>Kontakt z innymi osobami jest zminimalizowany do momentu odbioru pojazdu, konsultanci Qarson komunikuj\u0105 si\u0119 z klientami mailowo lub telefonicznie.<\/li>\n<\/ul>\n\n\n\n<h2 class=\"wp-block-heading\" id=\"lot-polish-airlines\">LOT Polskie Linie Lotnicze<\/h2>\n\n\n\n<p><strong>Dywersyfikacja us\u0142ug<\/strong><\/p>\n\n\n\n<p>LOT dostosowa\u0142 samoloty pasa\u017cerskie do potrzeb <a href=\"https:\/\/www.lot.com\/be\/pl\/cargo-rejsy-specjalne-hub\" target=\"_blank\" rel=\"noreferrer noopener\">transportu cargo.<\/a><\/p>\n\n\n\n<p><strong>Sektor: <\/strong>Transport<br><strong>Od kiedy:<\/strong> Kwiecie\u0144 2020 r.<br><strong>Cel:<\/strong> Transport sprz\u0119tu ochronnego (maski, he\u0142my ochronne, kombinezony) z Chin do Polski w ramach akcji #CargoForPoland.<br><strong>Dla kogo:<\/strong> Po\u015brednio dla ka\u017cdego, kto chce kupi\u0107 sprz\u0119t ochronny.<br><strong>Podj\u0119te dzia\u0142ania:<\/strong> Usuni\u0119cie foteli w samolotach pasa\u017cerskich w celu powi\u0119kszenia przestrzeni dost\u0119pnej dla transportu \u0142adunk\u00f3w lekkich i ponadgabarytowych.<\/p>\n\n\n\n<h2 class=\"wp-block-heading\" id=\"polska-bezgotowkowa-cashless-poland\">Polska Bezgot\u00f3wkowa <\/h2>\n\n\n\n<p><strong>Zwi\u0119kszone znaczenie CX<\/strong><\/p>\n\n\n\n<p>Artyku\u0142y, materia\u0142y i szkolenia online dla przedsi\u0119biorc\u00f3w koncentruj\u0105ce si\u0119 na&nbsp;<a href=\"https:\/\/polskabezgotowkowa.pl\/\" target=\"_blank\" rel=\"noreferrer noopener\">dzia\u0142alno\u015bci biznesowej podczas pandemii<\/a>.<\/p>\n\n\n\n<p><strong>Sektor: <\/strong>Finanse<br><strong>Cel:<\/strong> Wsparcie przedsi\u0119biorc\u00f3w w dzia\u0142aniach, kt\u00f3re pozwol\u0105 im dostosowa\u0107 dzia\u0142alno\u015b\u0107 do sytuacji pandemicznej.<br><strong>Dla kogo:<\/strong> Dla ka\u017cdego zainteresowanego przedsi\u0119biorcy.<br><strong>Podj\u0119te dzia\u0142ania:<\/strong><\/p>\n\n\n\n<ul class=\"wp-block-list\">\n<li>Artyku\u0142y: Powsta\u0142a seria artyku\u0142\u00f3w wspieraj\u0105cych przedsi\u0119biorc\u00f3w z r\u00f3\u017cnych nisz i sektor\u00f3w, wyja\u015bniaj\u0105cych w jaki spos\u00f3b mog\u0105 dostosowa\u0107 swoje biznesy do obecnej sytuacji.<\/li>\n\n\n\n<li>Webinaria: Fragmenty szkole\u0144 dost\u0119pne na \u017cywo z filmami wspieraj\u0105cymi przedsi\u0119biorc\u00f3w w ich dzia\u0142aniach.<\/li>\n\n\n\n<li>Plakaty: Na stronie dost\u0119pne s\u0105 szablony plakat\u00f3w informuj\u0105cych o nowych godzinach pracy sklepu lub punktu us\u0142ugowego wraz z aktualnymi procedurami bezpiecze\u0144stwa. Dost\u0119pne s\u0105 r\u00f3wnie\u017c plakaty dla zamkni\u0119tych punkt\u00f3w stacjonarnych, kt\u00f3re obecnie dzia\u0142aj\u0105 zdalnie.<\/li>\n<\/ul>\n\n\n\n<h2 class=\"wp-block-heading\" id=\"ing\"><strong>ING<\/strong><\/h2>\n\n\n\n<p><strong>Fala cyfryzacji<\/strong><\/p>\n\n\n\n<p>Ta firma bankowa zach\u0119ca swoich klient\u00f3w do przej\u015bcia do trybu <a href=\"https:\/\/www.ing.pl\/o-banku\/bankuj-z-domu\" target=\"_blank\" rel=\"noreferrer noopener\">online<\/a>&nbsp;i zwi\u0119kszenia zasi\u0119gu ju\u017c istniej\u0105cego sklepu stacjonarnego.<\/p>\n\n\n\n<p><strong>Sektor: <\/strong>Finanse<br><strong>Od kiedy:<\/strong> 18 maja 2020 r.<br><strong>Cel: <\/strong>Zapewnienie ci\u0105g\u0142o\u015bci dzia\u0142alno\u015bci sklepu podczas obni\u017conej mobilno\u015bci klient\u00f3w.<br><strong>Dla kogo:<\/strong> Dla ka\u017cdego w\u0142a\u015bciciela sklepu.<br><strong>Podj\u0119te dzia\u0142ania:<\/strong><\/p>\n\n\n\n<ul class=\"wp-block-list\">\n<li>Dla nowych klient\u00f3w, kt\u00f3rzy chcieliby zdigitalizowa\u0107 sw\u00f3j obecny biznes, bank oferuje dedykowan\u0105 bramk\u0119 p\u0142atnicz\u0105 &#8222;imoje&#8221; za 0 z\u0142 przez trzy9 miesi\u0119cy oraz pe\u0142ne wsparcie w uruchomieniu sklepu internetowego do pi\u0119ciu dni.<\/li>\n\n\n\n<li>Dla klient\u00f3w, kt\u00f3rzy ju\u017c prowadz\u0105 biznes e-commerce, ale nie korzystaj\u0105 z &#8222;imoje&#8221; &#8211; 0 z\u0142 za t\u0119 bramk\u0119 p\u0142atno\u015bci przez trzy miesi\u0105ce.<\/li>\n\n\n\n<li>Kup teraz i zap\u0142a\u0107 za 21 dni. Jest to nowa opcja dla klient\u00f3w, aby odroczy\u0107 p\u0142atno\u015bci w czasie, podczas gdy w\u0142a\u015bciciel sklepu natychmiast otrzymuje pieni\u0105dze.<\/li>\n\n\n\n<li>Wprowadzenie terminala p\u0142atniczego do p\u0142atno\u015bci zbli\u017ceniowych za 0 z\u0142 przez 14 miesi\u0119cy lub p\u00f3\u0142 roku bez op\u0142aty miesi\u0119cznej.<\/li>\n<\/ul>\n\n\n\n<h2 class=\"wp-block-heading\" id=\"nest-bank\"><strong>Nest Bank<\/strong><\/h2>\n\n\n\n<p><strong>Fala cyfryzacji<\/strong><\/p>\n\n\n\n<p>Ka\u017cda firma, kt\u00f3ra prowadzi dzia\u0142alno\u015b\u0107 zwi\u0105zan\u0105 z handlem i posiada konto Nest Bank oraz kart\u0119 kredytow\u0105 VISA, mo\u017ce \u0142atwo zbudowa\u0107 stron\u0119 internetow\u0105 w <a href=\"https:\/\/nestbank.pl\/dla-ciebie-i-rodziny\/aktualnosci\/nest-bank-wspiera-klientow-firmowych-w-prowadzeniu\" target=\"_blank\" rel=\"noreferrer noopener\">Sotebuy<\/a> i oferowa\u0107 swoje produkty i us\u0142ugi online.&nbsp;<\/p>\n\n\n\n<p><strong>Sektor: <\/strong>Finanse<br><strong>Od kiedy: <\/strong>16 kwietnia 2020 r.<br><strong>Cel: <\/strong>Wsparcie przedsi\u0119biorc\u00f3w i ich firm podczas pandemii oraz pomoc w cyfryzacji ich firm.<br><strong>Dla kogo:<\/strong> Dla klient\u00f3w Nest Banku, posiadaj\u0105cych kart\u0119 VISA i prowadz\u0105cych dzia\u0142alno\u015b\u0107 gospodarcz\u0105 zwi\u0105zan\u0105 z handlem.<br><strong>Podj\u0119te dzia\u0142ania:<\/strong><\/p>\n\n\n\n<ul class=\"wp-block-list\">\n<li>Klienci Nest Banku mog\u0105, nawet bez wiedzy informatycznej, zbudowa\u0107 w\u0142asn\u0105 stron\u0119 i sklep internetowy, korzystaj\u0105c z intuicyjnego kreatora stron &#8211; Sotebuy.<\/li>\n\n\n\n<li>Us\u0142uga jest bezp\u0142atna przez pierwsze dwa miesi\u0105ce. Po tym okresie ka\u017cdy klient mo\u017ce \u0142atwo zrezygnowa\u0107 lub kontynuowa\u0107 korzystanie z niej i p\u0142aci\u0107 roczn\u0105 lub miesi\u0119czn\u0105 op\u0142at\u0119 (z 20% rabatem).<\/li>\n<\/ul>\n\n\n\n<h2 class=\"wp-block-heading\" id=\"polish-agency-for-enterprise-development-with-the-ministry-of-development\">Polska Agencja Rozwoju Przedsi\u0119biorczo\u015bci wraz z Ministerstwem Rozwoju<\/h2>\n\n\n\n<p>Stworzyli seri\u0119 <a href=\"https:\/\/www.parp.gov.pl\/component\/content\/article\/61811:dotacje-na-kapital-obrotowy-nowe-wsparcie-dla-srednich-firm-dotknietych-covid-19\" target=\"_blank\" rel=\"noreferrer noopener\">wideokonferencji dla przedsi\u0119biorc\u00f3w.<\/a><\/p>\n\n\n\n<p><strong>Sektor<\/strong>: Rz\u0105d<br><strong>Od kiedy:<\/strong> 26 maja 2020 r.<br><strong>Cel:<\/strong> Informowanie przedsi\u0119biorc\u00f3w o mo\u017cliwo\u015bciach zwi\u0105zanych z sytuacj\u0105 obecnej pandemii i odpowiadanie na ich pytania.<br><strong>Dla kogo:<\/strong> Otwarte dla ka\u017cdego przedsi\u0119biorcy.<br><strong>Podj\u0119te dzia\u0142ania:<\/strong><\/p>\n\n\n\n<ul class=\"wp-block-list\">\n<li>Seria wideokonferencji z interaktywnym sposobem zadawania pyta\u0144.<\/li>\n\n\n\n<li>Kampania informacyjna o rozwi\u0105zaniach i instrumentach finansowych dost\u0119pnych w ramach tarczy antykryzysowej, zar\u00f3wno samorz\u0105dowych, jak i finansowych.<\/li>\n\n\n\n<li>Edukacja na temat zmian w ustawie o zam\u00f3wieniach publicznych, maj\u0105cych na celu zapobieganie skutkom pandemii, oraz wprowadzenie nowej ustawy o zam\u00f3wieniach publicznych, obowi\u0105zuj\u0105cej od 2021 r., kt\u00f3ra powinna pobudzi\u0107 gospodark\u0119.<\/li>\n\n\n\n<li>Przygotowanie materia\u0142\u00f3w dla poszczeg\u00f3lnych sektor\u00f3w omawianych podczas cyklu webinari\u00f3w.<\/li>\n<\/ul>\n\n\n\n<h2 class=\"wp-block-heading\" id=\"booktarg\"><strong>BookTarg<\/strong><\/h2>\n\n\n\n<p><strong>Fala cyfryzacji<\/strong><\/p>\n\n\n\n<p>Targi ksi\u0105\u017cki online.<\/p>\n\n\n\n<p><strong>Sektor:<\/strong> Ksi\u0105\u017cki<br><strong>Kiedy: <\/strong>21-24 maja 2020 r.<br><strong>Cel: <\/strong>Cyfryzacja corocznych targ\u00f3w ksi\u0105\u017cki do wersji zdalnej z uwzgl\u0119dnieniem potrzeb sektora ksi\u0105\u017cki podczas pandemii.<br><strong>Dla kogo:<\/strong> Dla wszystkich.<br><strong>Podj\u0119te dzia\u0142ania:<\/strong><\/p>\n\n\n\n<ul class=\"wp-block-list\">\n<li>Ponad 40 spotka\u0144 z ciekawymi lud\u017ami ze \u015bwiata ksi\u0105\u017cki.<\/li>\n\n\n\n<li>Zni\u017cki na ksi\u0105\u017cki na stronie Empiku.<\/li>\n\n\n\n<li>Akcja &#8222;E-book za darmo&#8221;. Osoby, kt\u00f3re zapisz\u0105 si\u0119 do newslettera BookTarg.pl otrzymaj\u0105 (do 24 maja 2020 r.) mo\u017cliwo\u015b\u0107 czytania (a czasem tak\u017ce s\u0142uchania) ksi\u0105\u017cek w aplikacji Legimi za darmo.<\/li>\n\n\n\n<li>Akcja &#8222;Wsparcie dla kultury&#8221;. W ramach tej inicjatywy odbywaj\u0105 si\u0119 specjalne aukcje. Uzyskane pieni\u0105dze przekazywane s\u0105 Unii Literackiej, kt\u00f3ra pomaga tw\u00f3rcom znajduj\u0105cym si\u0119 w trudnej sytuacji materialnej spowodowanej pandemi\u0105. Ponadto organizatorzy BookTarg &#8211; Allegro, Legimi i LubimyCzyta\u0107.pl &#8211; postanowili wesprze\u0107 Fundacj\u0119 Wis\u0142awy Szymborskiej kwot\u0105 50 000 z\u0142 na dzia\u0142alno\u015b\u0107 pomocow\u0105.<\/li>\n\n\n\n<li>Tematem przewodnim konferencji BookTarg s\u0105 wyk\u0142ady i panele dyskusyjne zwi\u0105zane z sytuacj\u0105 na rynku ksi\u0105\u017cki w dobie pandemii. Bibliotekarze, pisarze i wyk\u0142adowcy wezm\u0105 udzia\u0142 w specjalnych webinariach na ten temat.<\/li>\n<\/ul>\n\n\n\n<h2 class=\"wp-block-heading\" id=\"empik\"><strong>Empik<\/strong><\/h2>\n\n\n\n<p><strong>Nowe okoliczno\u015bci CSR<\/strong><\/p>\n\n\n\n<p>Seria akcji bezp\u0142atnie wspieraj\u0105cych wszystkich czytelnik\u00f3w w czasach pandemii.<\/p>\n\n\n\n<p><strong>Sektor: <\/strong>Ksi\u0105\u017cki<br><strong>Od kiedy: <\/strong>17 marca 2020 r.<br><strong>Cel: <\/strong>Urozmaicenie czasu sp\u0119dzanego w domu podczas epidemii.<br><strong>Dla kogo<\/strong>: Dla wszystkich.<br><strong>Podj\u0119te dzia\u0142ania:<\/strong><\/p>\n\n\n\n<ul class=\"wp-block-list\">\n<li>Empik oferuje bezp\u0142atny, dwumiesi\u0119czny okres pakietu korzy\u015bci w ramach flagowej us\u0142ugi Empik Premium.<\/li>\n\n\n\n<li>Empik oferuje ponad 11 000 audiobook\u00f3w i ebook\u00f3w za darmo w aplikacji Empik Go.<\/li>\n\n\n\n<li>Kurier i paczkomat (samoobs\u0142ugowy punkt odbioru paczek) za darmo.<\/li>\n\n\n\n<li>Promocje na gry planszowe, ksi\u0105\u017cki, filmy, sprz\u0119t sportowy i inne produkty w sklepie internetowym.<\/li>\n\n\n\n<li>Empik organizuje spotkania online z autorami i zaprasza dzieci na warsztaty naukowe online.<\/li>\n<\/ul>\n\n\n\n<h2 class=\"wp-block-heading\" id=\"biedronka-x-glovo\"><strong>Biedronka X Glovo<\/strong><\/h2>\n\n\n\n<p><strong>Dywersyfikacja kana\u0142\u00f3w obs\u0142ugi klienta<\/strong><\/p>\n\n\n\n<p>Mo\u017cliwo\u015b\u0107 zamawiania produkt\u00f3w Biedronki bezpo\u015brednio do domu dzi\u0119ki aplikacji Glovo.<\/p>\n\n\n\n<p><strong>Sektor:<\/strong> Artyku\u0142y spo\u017cywcze<br><strong>Od kiedy:<\/strong> 9 kwietnia 2020 r.<br><strong>Cel:<\/strong> Ograniczenie wychodzenia z domu w czasie pandemii i zapewnienie swobodnego dost\u0119pu do artyku\u0142\u00f3w spo\u017cywczych.<br><strong>Dla kogo: <\/strong>Ka\u017cdy, kto pobierze aplikacj\u0119 Glovo.<br><strong>Podj\u0119te dzia\u0142ania:<\/strong><\/p>\n\n\n\n<ul class=\"wp-block-list\">\n<li>Wprowadzenie mo\u017cliwo\u015bci zamawiania produkt\u00f3w Biedronki z dostaw\u0105 w ponad 100 sklepach w 10 miastach w ca\u0142ej Polsce.<\/li>\n\n\n\n<li>P\u0142atno\u015bci bezpo\u015brednio przez aplikacj\u0119 Glovo.<\/li>\n\n\n\n<li>Mo\u017cliwo\u015b\u0107 wyboru spo\u015br\u00f3d ponad 1000 dost\u0119pnych produkt\u00f3w.<\/li>\n\n\n\n<li>Zachowanie cen stacjonarnych i wszystkich rabat\u00f3w.<\/li>\n<\/ul>\n\n\n\n<h2 class=\"wp-block-heading\" id=\"zabka\"><strong>\u017babka<\/strong><\/h2>\n\n\n\n<p><strong>Dywersyfikacja kana\u0142\u00f3w obs\u0142ugi klienta<\/strong><\/p>\n\n\n\n<p>Mo\u017cliwo\u015b\u0107 zakupu produkt\u00f3w przez aplikacj\u0119 \u017bappka oraz odbioru i p\u0142atno\u015bci w sklepie.<\/p>\n\n\n\n<p><strong>Sektor: <\/strong>Artyku\u0142y spo\u017cywcze<br><strong>Od kiedy:<\/strong> Kwiecie\u0144 2020 r.<br><strong>Cel: <\/strong>Ograniczenie czasu sp\u0119dzanego w sklepie podczas pandemii.<br><strong>Dla kogo: <\/strong>Dla ka\u017cdego klienta korzystaj\u0105cego z aplikacji \u017bappka.<br><strong>Podj\u0119te dzia\u0142ania:<\/strong><\/p>\n\n\n\n<ul class=\"wp-block-list\">\n<li>Dostosowanie mo\u017cliwo\u015bci zamawiania produkt\u00f3w przez aplikacj\u0119, zar\u00f3wno dla systemu Android, jak i iOS.<\/li>\n\n\n\n<li>Wkr\u00f3tce \u017babka planuje zaoferowa\u0107 p\u0142atno\u015bci bezpo\u015brednio przez aplikacj\u0119, co jeszcze bardziej skr\u00f3ci czas pracy sklepu.<\/li>\n<\/ul>\n\n\n\n<h2 class=\"wp-block-heading\" id=\"bnp-paribas-x-booksy\"><strong>BNP Paribas x Booksy<\/strong><\/h2>\n\n\n\n<p><strong>Fala cyfryzacji<\/strong><\/p>\n\n\n\n<p>Mo\u017cliwo\u015b\u0107 zarezerwowania spotkania z konsultantem za po\u015brednictwem aplikacji Booksy.<\/p>\n\n\n\n<p><strong>Sektor: <\/strong>Finanse<br><strong>Od kiedy: <\/strong>20 maja 2020 r.<br><strong>Cel: <\/strong>Zwi\u0119kszenie bezpiecze\u0144stwa poprzez ograniczenie czasu sp\u0119dzanego w banku i uproszczenie komunikacji.<br><strong>Dla kogo:<\/strong> Dla ka\u017cdego klienta, zar\u00f3wno obecnego, jak i przysz\u0142ego.<br><strong>Podj\u0119te dzia\u0142ania:<\/strong><\/p>\n\n\n\n<ul class=\"wp-block-list\">\n<li>Mo\u017cliwo\u015b\u0107 zarezerwowania spotkania ze wskazaniem oddzia\u0142u banku, daty i tematu rozmowy.<\/li>\n\n\n\n<li>Aplikacja jest przeznaczona dla system\u00f3w Android i iOS.<\/li>\n<\/ul>\n\n\n\n<h2 class=\"wp-block-heading\" id=\"lotto\"><strong>Lotto<\/strong><\/h2>\n\n\n\n<p><strong>Fala cyfryzacji<\/strong><\/p>\n\n\n\n<p>Platforma z pomys\u0142ami na nud\u0119 i zwi\u0105zanymi z ni\u0105 konkursami.<\/p>\n\n\n\n<p><strong>Sektor:<\/strong> Hazard<br><strong>Od kiedy: <\/strong>25 marca 2020 r.<br><strong>Cel:<\/strong> Urozmaicenie czasu sp\u0119dzanego w domu podczas pandemii.<br><strong>Dla kogo:<\/strong> Dla wszystkich.<br><strong>Podj\u0119te dzia\u0142ania:<\/strong><\/p>\n\n\n\n<ul class=\"wp-block-list\">\n<li>Konkursy z r\u00f3\u017cnymi pomys\u0142ami na nud\u0119: Wrzucaj\u0105c swoje zdj\u0119cie lub filmik pod postem konkursowym z odpowiednim hashtagiem. Nagrodami s\u0105 bony, kt\u00f3re mo\u017cna wykorzysta\u0107 na zakup produkt\u00f3w w Decathlonie, Empiku i Allegro.<\/li>\n\n\n\n<li>Zbi\u00f3r pomys\u0142\u00f3w na sp\u0119dzenie czasu z dzie\u0107mi.<\/li>\n\n\n\n<li>Filmy zamieszczane przez aktor\u00f3w, sportowc\u00f3w i ludzi kultury pokazuj\u0105ce jak sp\u0119dzaj\u0105 czas w domu.<\/li>\n<\/ul>\n\n\n\n<h2 class=\"wp-block-heading\" id=\"allegro\"><strong>Allegro<\/strong><\/h2>\n\n\n\n<p><strong>Nowe okoliczno\u015bci CSR<\/strong><\/p>\n\n\n\n<p>Pakiet wsparcia dla sprzedawc\u00f3w o warto\u015bci ponad 16 mln z\u0142.<\/p>\n\n\n\n<p><strong>Sektor: <\/strong>E-commerce<br><strong>Od kiedy: <\/strong>1 kwietnia 2020 r.<br><strong>Cel: <\/strong>Wsparcie obecnych sprzedawc\u00f3w i nowych firm dotkni\u0119tych ograniczeniami zwi\u0105zanymi z COVID, kt\u00f3re chc\u0105 rozpocz\u0105\u0107 sprzeda\u017c swoich produkt\u00f3w online bez prowizji.<br><strong>Dla kogo:<\/strong> Dla kupuj\u0105cych i sprzedaj\u0105cych.<br><strong>Podj\u0119te dzia\u0142ania:<\/strong><\/p>\n\n\n\n<ul class=\"wp-block-list\">\n<li>Mali i \u015bredni sprzedawcy mog\u0105 zap\u0142aci\u0107 za us\u0142ugi Allegro w p\u00f3\u017aniejszym terminie. Okres p\u0142atno\u015bci dla M\u015aP zosta\u0142 wyd\u0142u\u017cony z 14 do 60 dni.<\/li>\n\n\n\n<li>Trzy miesi\u0105ce za darmo dla nowych polskich sprzedawc\u00f3w, niezale\u017cnie od skali dzia\u0142alno\u015bci.<\/li>\n\n\n\n<li>\u0141atwy dost\u0119p do po\u017cyczek i 3% cashback.<\/li>\n\n\n\n<li>\u0141atwy dost\u0119p do po\u017cyczek z cashbackiem do 4500 z\u0142 dla sprzedawc\u00f3w prowadz\u0105cych jednoosobow\u0105 dzia\u0142alno\u015b\u0107 gospodarcz\u0105.<\/li>\n\n\n\n<li>Zapowiadana wcze\u015bniej podwy\u017cka op\u0142at drogowych zosta\u0142a zawieszona, co pozwala sprzedawcom zaoszcz\u0119dzi\u0107 8,5 mln z\u0142.<\/li>\n<\/ul>\n\n\n\n<h2 class=\"wp-block-heading\" id=\"allegro-x-mybenefit\"><strong>Allegro x MyBenefit<\/strong><\/h2>\n\n\n\n<p><strong>Atrakcyjne formy zatrudnienia<\/strong><\/p>\n\n\n\n<p>Bony pracownicze do wykorzystania na Allegro na zakup produkt\u00f3w niezb\u0119dnych w czasie pandemii.<\/p>\n\n\n\n<p><strong>Sektor: <\/strong>E-commerce<br><strong>Od kiedy:<\/strong> Kwiecie\u0144 2020 r.<br><strong>Cel:<\/strong> Zapewnienie pracownikom mo\u017cliwo\u015bci korzystania z benefit\u00f3w przydatnych w czasie pandemii: \u015brodk\u00f3w ochrony oraz produkt\u00f3w wspieraj\u0105cych zdrowie fizyczne i psychiczne.<br><strong>Dla kogo:<\/strong> Dla os\u00f3b pracuj\u0105cych w firmach wsp\u00f3\u0142pracuj\u0105cych z MyBenefit.<br><strong>Podj\u0119te dzia\u0142ania:<\/strong><\/p>\n\n\n\n<ul class=\"wp-block-list\">\n<li>Nowe benefity dost\u0119pne w Kafeterii w formie voucher\u00f3w dost\u0119pnych w trzech r\u00f3\u017cnych kategoriach.<\/li>\n\n\n\n<li>Dost\u0119pne ksi\u0105\u017cki, p\u0142yty, gry i instrumenty muzyczne.<\/li>\n\n\n\n<li>Dost\u0119pne akcesoria i sprz\u0119t sportowy.<\/li>\n\n\n\n<li>Dost\u0119pny jest sprz\u0119t ochronny, taki jak maseczki i \u015brodki do dezynfekcji r\u0105k.<\/li>\n\n\n\n<li>Pracownicy maj\u0105 mo\u017cliwo\u015b\u0107 zakupu innych produkt\u00f3w dost\u0119pnych na Allegro, m.in. z oferty Media Markt.<\/li>\n<\/ul>\n\n\n\n<h2 class=\"wp-block-heading\" id=\"inpost\"><strong>InPost<\/strong><\/h2>\n\n\n\n<p><strong>Fala cyfryzacji<\/strong><\/p>\n\n\n\n<p>Nowe, atrakcyjne ceny za nadanie i odbi\u00f3r przesy\u0142ek w tym samym paczkomacie.<\/p>\n\n\n\n<p><strong>Sektor: <\/strong>Us\u0142ugi kurierskie<br><strong>Od kiedy: <\/strong>30 kwietnia 2020 r.<br><strong>Cel: <\/strong>U\u0142atwienie nadawania i odbierania przesy\u0142ek bez bezpo\u015bredniego kontaktu, np. podczas odbioru osobistego.<br><strong>Dla kogo: <\/strong>Dla podmiot\u00f3w gospodarczych posiadaj\u0105cych umowy z InPost (operatorem paczkomat\u00f3w).<br><strong>Podj\u0119te dzia\u0142ania:<\/strong><\/p>\n\n\n\n<ul class=\"wp-block-list\">\n<li>Obni\u017cenie ceny za us\u0142ug\u0119 nadania i odbioru przesy\u0142ki w tym samym paczkomacie.<\/li>\n\n\n\n<li>Od 8 maja dla klient\u00f3w detalicznych i biznesowych przesy\u0142ki weekendowe s\u0105 w cenie wysy\u0142ki w dniu roboczym.<\/li>\n<\/ul>\n","protected":false},"excerpt":{"rendered":"<p>Dla wielu polskich firm pandemia COVID-19 okazuje si\u0119 bardzo trudnym wyzwaniem. Przyjrzyjmy si\u0119 tym, kt\u00f3rzy radz\u0105 sobie z ni\u0105 najlepiej.<\/p>\n","protected":false},"author":3,"featured_media":1145,"comment_status":"open","ping_status":"open","sticky":false,"template":"","format":"standard","meta":{"inline_featured_image":false,"footnotes":""},"categories":[46],"tags":[],"class_list":["post-1711","post","type-post","status-publish","format-standard","has-post-thumbnail","hentry","category-strategia"],"acf":[],"yoast_head":"<!-- This site is optimized with the Yoast SEO plugin v22.4 - https:\/\/yoast.com\/wordpress\/plugins\/seo\/ -->\n<title>Te polskie firmy przetrwa\u0142y COVID-19 lepiej ni\u017c inne - Innovatika<\/title>\n<meta name=\"description\" content=\"Dla wielu polskich firm pandemia COVID-19 okazuje si\u0119 bardzo trudnym wyzwaniem. Przyjrzyjmy si\u0119 tym, kt\u00f3rzy radz\u0105 sobie z ni\u0105 najlepiej.\" \/>\n<meta name=\"robots\" content=\"index, follow, max-snippet:-1, max-image-preview:large, max-video-preview:-1\" \/>\n<link rel=\"canonical\" href=\"https:\/\/innovatika.sowiak.dev\/these-18-polish-companies-survive-the-covid-19-storm-better-than-others\/\" \/>\n<meta property=\"og:locale\" content=\"pl_PL\" \/>\n<meta property=\"og:type\" content=\"article\" \/>\n<meta property=\"og:title\" content=\"Te polskie firmy przetrwa\u0142y COVID-19 lepiej ni\u017c inne - Innovatika\" \/>\n<meta property=\"og:description\" content=\"Dla wielu polskich firm pandemia COVID-19 okazuje si\u0119 bardzo trudnym wyzwaniem. Przyjrzyjmy si\u0119 tym, kt\u00f3rzy radz\u0105 sobie z ni\u0105 najlepiej.\" \/>\n<meta property=\"og:url\" content=\"https:\/\/innovatika.sowiak.dev\/these-18-polish-companies-survive-the-covid-19-storm-better-than-others\/\" \/>\n<meta property=\"og:site_name\" content=\"Innovatika\" \/>\n<meta property=\"article:published_time\" content=\"2020-09-13T13:30:00+00:00\" \/>\n<meta property=\"article:modified_time\" content=\"2023-11-06T14:45:35+00:00\" \/>\n<meta property=\"og:image\" content=\"https:\/\/innovatika.sowiak.dev\/wp-content\/uploads\/2023\/09\/Screenshot-2021-03-18-at-08.43.58.png\" \/>\n\t<meta property=\"og:image:width\" content=\"724\" \/>\n\t<meta property=\"og:image:height\" content=\"482\" \/>\n\t<meta property=\"og:image:type\" content=\"image\/png\" \/>\n<meta name=\"author\" content=\"Iga Stachowicz\" \/>\n<meta name=\"twitter:label1\" content=\"Napisane przez\" \/>\n\t<meta name=\"twitter:data1\" content=\"Iga Stachowicz\" \/>\n\t<meta name=\"twitter:label2\" content=\"Szacowany czas czytania\" \/>\n\t<meta name=\"twitter:data2\" content=\"9 minut\" \/>\n<script type=\"application\/ld+json\" class=\"yoast-schema-graph\">{\"@context\":\"https:\/\/schema.org\",\"@graph\":[{\"@type\":\"WebPage\",\"@id\":\"https:\/\/innovatika.sowiak.dev\/these-18-polish-companies-survive-the-covid-19-storm-better-than-others\/\",\"url\":\"https:\/\/innovatika.sowiak.dev\/these-18-polish-companies-survive-the-covid-19-storm-better-than-others\/\",\"name\":\"Te polskie firmy przetrwa\u0142y COVID-19 lepiej ni\u017c inne - Innovatika\",\"isPartOf\":{\"@id\":\"https:\/\/innovatika.sowiak.dev\/#website\"},\"primaryImageOfPage\":{\"@id\":\"https:\/\/innovatika.sowiak.dev\/these-18-polish-companies-survive-the-covid-19-storm-better-than-others\/#primaryimage\"},\"image\":{\"@id\":\"https:\/\/innovatika.sowiak.dev\/these-18-polish-companies-survive-the-covid-19-storm-better-than-others\/#primaryimage\"},\"thumbnailUrl\":\"https:\/\/innovatika.sowiak.dev\/wp-content\/uploads\/2023\/09\/Screenshot-2021-03-18-at-08.43.58.png\",\"datePublished\":\"2020-09-13T13:30:00+00:00\",\"dateModified\":\"2023-11-06T14:45:35+00:00\",\"author\":{\"@id\":\"https:\/\/innovatika.sowiak.dev\/#\/schema\/person\/3e070c0f66fb09eb1e3084a42d6405f0\"},\"description\":\"Dla wielu polskich firm pandemia COVID-19 okazuje si\u0119 bardzo trudnym wyzwaniem. Przyjrzyjmy si\u0119 tym, kt\u00f3rzy radz\u0105 sobie z ni\u0105 najlepiej.\",\"inLanguage\":\"pl-PL\",\"potentialAction\":[{\"@type\":\"ReadAction\",\"target\":[\"https:\/\/innovatika.sowiak.dev\/these-18-polish-companies-survive-the-covid-19-storm-better-than-others\/\"]}]},{\"@type\":\"ImageObject\",\"inLanguage\":\"pl-PL\",\"@id\":\"https:\/\/innovatika.sowiak.dev\/these-18-polish-companies-survive-the-covid-19-storm-better-than-others\/#primaryimage\",\"url\":\"https:\/\/innovatika.sowiak.dev\/wp-content\/uploads\/2023\/09\/Screenshot-2021-03-18-at-08.43.58.png\",\"contentUrl\":\"https:\/\/innovatika.sowiak.dev\/wp-content\/uploads\/2023\/09\/Screenshot-2021-03-18-at-08.43.58.png\",\"width\":724,\"height\":482},{\"@type\":\"WebSite\",\"@id\":\"https:\/\/innovatika.sowiak.dev\/#website\",\"url\":\"https:\/\/innovatika.sowiak.dev\/\",\"name\":\"Innovatika\",\"description\":\"\",\"potentialAction\":[{\"@type\":\"SearchAction\",\"target\":{\"@type\":\"EntryPoint\",\"urlTemplate\":\"https:\/\/innovatika.sowiak.dev\/?s={search_term_string}\"},\"query-input\":\"required name=search_term_string\"}],\"inLanguage\":\"pl-PL\"},{\"@type\":\"Person\",\"@id\":\"https:\/\/innovatika.sowiak.dev\/#\/schema\/person\/3e070c0f66fb09eb1e3084a42d6405f0\",\"name\":\"Iga Stachowicz\",\"image\":{\"@type\":\"ImageObject\",\"inLanguage\":\"pl-PL\",\"@id\":\"https:\/\/innovatika.sowiak.dev\/#\/schema\/person\/image\/\",\"url\":\"https:\/\/secure.gravatar.com\/avatar\/7f245a4ed6586f7e1c7ab1bd0b96d2a75a586266e73229e7392617fbf34d8974?s=96&d=mm&r=g\",\"contentUrl\":\"https:\/\/secure.gravatar.com\/avatar\/7f245a4ed6586f7e1c7ab1bd0b96d2a75a586266e73229e7392617fbf34d8974?s=96&d=mm&r=g\",\"caption\":\"Iga Stachowicz\"},\"url\":\"https:\/\/innovatika.sowiak.dev\/pl\/author\/istachowicz\/\"}]}<\/script>\n<!-- \/ Yoast SEO plugin. -->","yoast_head_json":{"title":"Te polskie firmy przetrwa\u0142y COVID-19 lepiej ni\u017c inne - Innovatika","description":"Dla wielu polskich firm pandemia COVID-19 okazuje si\u0119 bardzo trudnym wyzwaniem. Przyjrzyjmy si\u0119 tym, kt\u00f3rzy radz\u0105 sobie z ni\u0105 najlepiej.","robots":{"index":"index","follow":"follow","max-snippet":"max-snippet:-1","max-image-preview":"max-image-preview:large","max-video-preview":"max-video-preview:-1"},"canonical":"https:\/\/innovatika.sowiak.dev\/these-18-polish-companies-survive-the-covid-19-storm-better-than-others\/","og_locale":"pl_PL","og_type":"article","og_title":"Te polskie firmy przetrwa\u0142y COVID-19 lepiej ni\u017c inne - Innovatika","og_description":"Dla wielu polskich firm pandemia COVID-19 okazuje si\u0119 bardzo trudnym wyzwaniem. Przyjrzyjmy si\u0119 tym, kt\u00f3rzy radz\u0105 sobie z ni\u0105 najlepiej.","og_url":"https:\/\/innovatika.sowiak.dev\/these-18-polish-companies-survive-the-covid-19-storm-better-than-others\/","og_site_name":"Innovatika","article_published_time":"2020-09-13T13:30:00+00:00","article_modified_time":"2023-11-06T14:45:35+00:00","og_image":[{"width":724,"height":482,"url":"https:\/\/innovatika.sowiak.dev\/wp-content\/uploads\/2023\/09\/Screenshot-2021-03-18-at-08.43.58.png","type":"image\/png"}],"author":"Iga Stachowicz","twitter_misc":{"Napisane przez":"Iga Stachowicz","Szacowany czas czytania":"9 minut"},"schema":{"@context":"https:\/\/schema.org","@graph":[{"@type":"WebPage","@id":"https:\/\/innovatika.sowiak.dev\/these-18-polish-companies-survive-the-covid-19-storm-better-than-others\/","url":"https:\/\/innovatika.sowiak.dev\/these-18-polish-companies-survive-the-covid-19-storm-better-than-others\/","name":"Te polskie firmy przetrwa\u0142y COVID-19 lepiej ni\u017c inne - Innovatika","isPartOf":{"@id":"https:\/\/innovatika.sowiak.dev\/#website"},"primaryImageOfPage":{"@id":"https:\/\/innovatika.sowiak.dev\/these-18-polish-companies-survive-the-covid-19-storm-better-than-others\/#primaryimage"},"image":{"@id":"https:\/\/innovatika.sowiak.dev\/these-18-polish-companies-survive-the-covid-19-storm-better-than-others\/#primaryimage"},"thumbnailUrl":"https:\/\/innovatika.sowiak.dev\/wp-content\/uploads\/2023\/09\/Screenshot-2021-03-18-at-08.43.58.png","datePublished":"2020-09-13T13:30:00+00:00","dateModified":"2023-11-06T14:45:35+00:00","author":{"@id":"https:\/\/innovatika.sowiak.dev\/#\/schema\/person\/3e070c0f66fb09eb1e3084a42d6405f0"},"description":"Dla wielu polskich firm pandemia COVID-19 okazuje si\u0119 bardzo trudnym wyzwaniem. Przyjrzyjmy si\u0119 tym, kt\u00f3rzy radz\u0105 sobie z ni\u0105 najlepiej.","inLanguage":"pl-PL","potentialAction":[{"@type":"ReadAction","target":["https:\/\/innovatika.sowiak.dev\/these-18-polish-companies-survive-the-covid-19-storm-better-than-others\/"]}]},{"@type":"ImageObject","inLanguage":"pl-PL","@id":"https:\/\/innovatika.sowiak.dev\/these-18-polish-companies-survive-the-covid-19-storm-better-than-others\/#primaryimage","url":"https:\/\/innovatika.sowiak.dev\/wp-content\/uploads\/2023\/09\/Screenshot-2021-03-18-at-08.43.58.png","contentUrl":"https:\/\/innovatika.sowiak.dev\/wp-content\/uploads\/2023\/09\/Screenshot-2021-03-18-at-08.43.58.png","width":724,"height":482},{"@type":"WebSite","@id":"https:\/\/innovatika.sowiak.dev\/#website","url":"https:\/\/innovatika.sowiak.dev\/","name":"Innovatika","description":"","potentialAction":[{"@type":"SearchAction","target":{"@type":"EntryPoint","urlTemplate":"https:\/\/innovatika.sowiak.dev\/?s={search_term_string}"},"query-input":"required name=search_term_string"}],"inLanguage":"pl-PL"},{"@type":"Person","@id":"https:\/\/innovatika.sowiak.dev\/#\/schema\/person\/3e070c0f66fb09eb1e3084a42d6405f0","name":"Iga Stachowicz","image":{"@type":"ImageObject","inLanguage":"pl-PL","@id":"https:\/\/innovatika.sowiak.dev\/#\/schema\/person\/image\/","url":"https:\/\/secure.gravatar.com\/avatar\/7f245a4ed6586f7e1c7ab1bd0b96d2a75a586266e73229e7392617fbf34d8974?s=96&d=mm&r=g","contentUrl":"https:\/\/secure.gravatar.com\/avatar\/7f245a4ed6586f7e1c7ab1bd0b96d2a75a586266e73229e7392617fbf34d8974?s=96&d=mm&r=g","caption":"Iga Stachowicz"},"url":"https:\/\/innovatika.sowiak.dev\/pl\/author\/istachowicz\/"}]}},"_links":{"self":[{"href":"https:\/\/innovatika.sowiak.dev\/pl\/wp-json\/wp\/v2\/posts\/1711","targetHints":{"allow":["GET"]}}],"collection":[{"href":"https:\/\/innovatika.sowiak.dev\/pl\/wp-json\/wp\/v2\/posts"}],"about":[{"href":"https:\/\/innovatika.sowiak.dev\/pl\/wp-json\/wp\/v2\/types\/post"}],"author":[{"embeddable":true,"href":"https:\/\/innovatika.sowiak.dev\/pl\/wp-json\/wp\/v2\/users\/3"}],"replies":[{"embeddable":true,"href":"https:\/\/innovatika.sowiak.dev\/pl\/wp-json\/wp\/v2\/comments?post=1711"}],"version-history":[{"count":10,"href":"https:\/\/innovatika.sowiak.dev\/pl\/wp-json\/wp\/v2\/posts\/1711\/revisions"}],"predecessor-version":[{"id":2200,"href":"https:\/\/innovatika.sowiak.dev\/pl\/wp-json\/wp\/v2\/posts\/1711\/revisions\/2200"}],"wp:featuredmedia":[{"embeddable":true,"href":"https:\/\/innovatika.sowiak.dev\/pl\/wp-json\/wp\/v2\/media\/1145"}],"wp:attachment":[{"href":"https:\/\/innovatika.sowiak.dev\/pl\/wp-json\/wp\/v2\/media?parent=1711"}],"wp:term":[{"taxonomy":"category","embeddable":true,"href":"https:\/\/innovatika.sowiak.dev\/pl\/wp-json\/wp\/v2\/categories?post=1711"},{"taxonomy":"post_tag","embeddable":true,"href":"https:\/\/innovatika.sowiak.dev\/pl\/wp-json\/wp\/v2\/tags?post=1711"}],"curies":[{"name":"wp","href":"https:\/\/api.w.org\/{rel}","templated":true}]}}